{"id":1164,"date":"2025-08-25T09:00:43","date_gmt":"2025-08-25T07:00:43","guid":{"rendered":"https:\/\/selfcarehomedecor.com\/?p=1164"},"modified":"2025-08-25T09:06:37","modified_gmt":"2025-08-25T07:06:37","slug":"velas-decorativas-el-secreto-para-crear-ambientes-acogedores","status":"publish","type":"post","link":"https:\/\/selfcarehomedecor.com\/ca\/velas-decorativas-el-secreto-para-crear-ambientes-acogedores\/","title":{"rendered":"Espelmes decoratives: el secret per crear ambients acollidors"},"content":{"rendered":"<p>Poques coses aporten tanta calidesa a casa com la llum suau d&#039;una espelma. M\u00e9s enll\u00e0 d&#039;il\u00b7luminar, les <strong>espelmes decoratives<\/strong> s\u00f3n un recurs perfecte per donar personalitat i ambient a cada estada.<\/p>\n\n\n\n<p>Al sal\u00f3, pots col\u00b7locar-les en grups de diferents al\u00e7ades per aconseguir un efecte envoltant; al bany, una espelma encesa transforma el moment de la dutxa en un instant de relaxaci\u00f3; al dormitori, aporten serenitat i un toc \u00edntim ideal per desconnectar al final del dia.<br><br><br>Un truc molt utilitzat per interioristes \u00e9s agrupar espelmes a <strong>safates o portaveles<\/strong> decoratius. Aix\u00f2 no sols organitza el conjunt, sin\u00f3 que el converteix en un element central ple d&#039;estil.<\/p>\n\n\n\n<p>I aqu\u00ed hi entra un detall important: les nostres espelmes no nom\u00e9s destaquen pel seu disseny i aroma, sin\u00f3 tamb\u00e9 pel seu disseny <strong>composici\u00f3 responsable<\/strong>, elaborada amb ceres naturals lliures de t\u00f2xics. D&#039;aquesta manera, a m\u00e9s de crear ambients m\u00e0gics, podeu gaudir d&#039;un producte respectu\u00f3s amb tu i amb l&#039;entorn.<\/p>\n\n\n\n<p>Si vols donar un aire m\u00e9s sofisticat, tria espelmes a <strong>tons neutres<\/strong> que s&#039;adaptin a qualsevol decoraci\u00f3. En canvi, per a ocasions especials com sopars amb amics, una espelma amb color o disseny cridaner pot esdevenir el detall perfecte que sorprengui els teus convidats.<br><br><br>Un altre consell \u00e9s fer-les servir com a complement de les estacions de l&#039;any: espelmes arom\u00e0tiques amb notes fresques i c\u00edtriques a l&#039;estiu, i frag\u00e0ncies c\u00e0lides com la vainilla o la canyella a l&#039;hivern. Aix\u00ed, la teva llar s\u00b4adapta al clima i al teu estat d\u00b4\u00e0nim.<\/p>\n\n\n\n<p>Tamb\u00e9 pots jugar amb els <strong>portaveles<\/strong>: de vidre per donar un aire rom\u00e0ntic, met\u00e0l\u00b7lics per a un toc industrial o de fusta per a una sensaci\u00f3 natural i acollidora. S\u00f3n petits detalls que marquen una gran difer\u00e8ncia. <br><br><br>Finalment, recorda que encendre una espelma no \u00e9s nom\u00e9s decorar: \u00e9s crear un moment per a tu, per desconnectar i gaudir del present. Una rutina tan simple es pot convertir en un ritual de benestar que aporti equilibri al teu dia a dia.<\/p>\n\n\n\n<p><\/p>","protected":false},"excerpt":{"rendered":"<p>Pocas cosas aportan tanta calidez a un hogar como la luz suave de una vela. M\u00e1s all\u00e1 de iluminar, las velas decorativas son un recurso perfecto para dar personalidad y ambiente a cada estancia. En el sal\u00f3n, puedes colocarlas en grupos de diferentes alturas para conseguir un efecto envolvente; en el ba\u00f1o, una vela encendida [&hellip;]<\/p>\n","protected":false},"author":1,"featured_media":920,"comment_status":"open","ping_status":"open","sticky":false,"template":"","format":"standard","meta":{"footnotes":""},"categories":[1],"tags":[],"class_list":["post-1164","post","type-post","status-publish","format-standard","has-post-thumbnail","hentry","category-blog"],"_links":{"self":[{"href":"https:\/\/selfcarehomedecor.com\/ca\/wp-json\/wp\/v2\/posts\/1164","targetHints":{"allow":["GET"]}}],"collection":[{"href":"https:\/\/selfcarehomedecor.com\/ca\/wp-json\/wp\/v2\/posts"}],"about":[{"href":"https:\/\/selfcarehomedecor.com\/ca\/wp-json\/wp\/v2\/types\/post"}],"author":[{"embeddable":true,"href":"https:\/\/selfcarehomedecor.com\/ca\/wp-json\/wp\/v2\/users\/1"}],"replies":[{"embeddable":true,"href":"https:\/\/selfcarehomedecor.com\/ca\/wp-json\/wp\/v2\/comments?post=1164"}],"version-history":[{"count":6,"href":"https:\/\/selfcarehomedecor.com\/ca\/wp-json\/wp\/v2\/posts\/1164\/revisions"}],"predecessor-version":[{"id":1170,"href":"https:\/\/selfcarehomedecor.com\/ca\/wp-json\/wp\/v2\/posts\/1164\/revisions\/1170"}],"wp:featuredmedia":[{"embeddable":true,"href":"https:\/\/selfcarehomedecor.com\/ca\/wp-json\/wp\/v2\/media\/920"}],"wp:attachment":[{"href":"https:\/\/selfcarehomedecor.com\/ca\/wp-json\/wp\/v2\/media?parent=1164"}],"wp:term":[{"taxonomy":"category","embeddable":true,"href":"https:\/\/selfcarehomedecor.com\/ca\/wp-json\/wp\/v2\/categories?post=1164"},{"taxonomy":"post_tag","embeddable":true,"href":"https:\/\/selfcarehomedecor.com\/ca\/wp-json\/wp\/v2\/tags?post=1164"}],"curies":[{"name":"wp","href":"https:\/\/api.w.org\/{rel}","templated":true}]}}