{"id":713,"date":"2025-07-01T21:18:06","date_gmt":"2025-07-01T19:18:06","guid":{"rendered":"https:\/\/selfcarehomedecor.com\/?p=713"},"modified":"2025-07-01T21:18:07","modified_gmt":"2025-07-01T19:18:07","slug":"bienvenidos-al-blog-de-selfcare-home-decor-novedades-y-consejos-para-un-hogar-sostenible","status":"publish","type":"post","link":"https:\/\/selfcarehomedecor.com\/ca\/bienvenidos-al-blog-de-selfcare-home-decor-novedades-y-consejos-para-un-hogar-sostenible\/","title":{"rendered":"Benvinguts al bloc de Selfcare Home Decor: novetats i consells per a una llar sostenible"},"content":{"rendered":"<p>Llancem la nostra nova web i botiga de decoraci\u00f3 ecol\u00f2gica<\/p>\n\n\n\n<p>Ens alegra anunciar el llan\u00e7ament de la web de Selfcare Home Decor, la teva nova botiga online especialitzada en decoraci\u00f3 sostenible i productes arom\u00e0tics ecol\u00f2gics fets a m\u00e0. Despr\u00e9s de mesos de feina i dedicaci\u00f3, inaugurem un espai pensat per als que busquen envoltar-se de bellesa i benestar, sense renunciar a la responsabilitat mediambiental. La nostra plataforma recull tota la nostra filosofia de marca, reflectida tant en el disseny com al cat\u00e0leg de productes.<\/p>\n\n\n\n<p> Qu\u00e8 trobar\u00e0s a Selfcare Home Decor, la teva botiga de productes naturals per a la llar<\/p>\n\n\n\n<p>Si sou amants de la decoraci\u00f3, l&#039;ordre i les frag\u00e0ncies naturals, Selfcare Home Decor \u00e9s el vostre lloc. Aqu\u00ed podr\u00e0s descobrir:<\/p>\n\n\n\n<p>\u2013 Selecci\u00f3 de gerros, portaveles, safates i accessoris fabricats amb materials biodegradables i lliures de pl\u00e0stics<\/p>\n\n\n\n<p>\u2013 Gamma d&#039;espelmes decoratives i arom\u00e0tiques formulades amb ceres vegetals i olis essencials purs<\/p>\n\n\n\n<p>\u2013 Ambientadors s\u00f2lids i bombons arom\u00e0tics per perfumar, protegir la roba i reduir l&#039;\u00fas de qu\u00edmics a casa<\/p>\n\n\n\n<p>Tota la informaci\u00f3 essencial sobre la sostenibilitat, els materials i els processos de fabricaci\u00f3 est\u00e0 detallada a cada fitxa de producte, perqu\u00e8 prenguis decisions de compra transparents i conscients.<\/p>\n\n\n\n<p>Objectius del bloc i com aprofitar al m\u00e0xim els nostres consells<\/p>\n\n\n\n<p>El bloc de Selfcare Home Decor ser\u00e0 el canal principal per compartir not\u00edcies, idees, tutorials i consells pr\u00e0ctics sobre decoraci\u00f3 ecol\u00f2gica, \u00fas responsable de recursos i benestar a la llar. Els nostres propers articles cobriran temes com:<\/p>\n\n\n\n<p>\u2013 Com triar els millors complements deco sostenibles per a cada estada<\/p>\n\n\n\n<p>\u2013 Guies pr\u00e0ctiques per combinar aromater\u00e0pia i decoraci\u00f3 ecol\u00f2gica<\/p>\n\n\n\n<p>\u2013 Trucs per crear ambients saludables sense pl\u00e0stics ni t\u00f2xics<\/p>\n\n\n\n<p>Us convidem a seguir-nos i formar part de la nostra comunitat responsable i creativa.<\/p>","protected":false},"excerpt":{"rendered":"<p>Nos alegra anunciar el lanzamiento de la web de Selfcare Home Decor, tu nueva tienda online especializada en decoraci\u00f3n sostenible y productos arom\u00e1ticos ecol\u00f3gicos hechos a mano. Tras meses de trabajo y dedicaci\u00f3n, inauguramos un espacio pensado para quienes buscan rodearse de belleza y bienestar, sin renunciar a la responsabilidad medioambiental. Nuestra plataforma recoge toda nuestra filosof\u00eda de marca, reflejada tanto en el dise\u00f1o como en el cat\u00e1logo de productos<\/p>","protected":false},"author":1,"featured_media":476,"comment_status":"open","ping_status":"open","sticky":false,"template":"","format":"standard","meta":{"footnotes":""},"categories":[1],"tags":[],"class_list":["post-713","post","type-post","status-publish","format-standard","has-post-thumbnail","hentry","category-blog"],"_links":{"self":[{"href":"https:\/\/selfcarehomedecor.com\/ca\/wp-json\/wp\/v2\/posts\/713","targetHints":{"allow":["GET"]}}],"collection":[{"href":"https:\/\/selfcarehomedecor.com\/ca\/wp-json\/wp\/v2\/posts"}],"about":[{"href":"https:\/\/selfcarehomedecor.com\/ca\/wp-json\/wp\/v2\/types\/post"}],"author":[{"embeddable":true,"href":"https:\/\/selfcarehomedecor.com\/ca\/wp-json\/wp\/v2\/users\/1"}],"replies":[{"embeddable":true,"href":"https:\/\/selfcarehomedecor.com\/ca\/wp-json\/wp\/v2\/comments?post=713"}],"version-history":[{"count":1,"href":"https:\/\/selfcarehomedecor.com\/ca\/wp-json\/wp\/v2\/posts\/713\/revisions"}],"predecessor-version":[{"id":714,"href":"https:\/\/selfcarehomedecor.com\/ca\/wp-json\/wp\/v2\/posts\/713\/revisions\/714"}],"wp:featuredmedia":[{"embeddable":true,"href":"https:\/\/selfcarehomedecor.com\/ca\/wp-json\/wp\/v2\/media\/476"}],"wp:attachment":[{"href":"https:\/\/selfcarehomedecor.com\/ca\/wp-json\/wp\/v2\/media?parent=713"}],"wp:term":[{"taxonomy":"category","embeddable":true,"href":"https:\/\/selfcarehomedecor.com\/ca\/wp-json\/wp\/v2\/categories?post=713"},{"taxonomy":"post_tag","embeddable":true,"href":"https:\/\/selfcarehomedecor.com\/ca\/wp-json\/wp\/v2\/tags?post=713"}],"curies":[{"name":"wp","href":"https:\/\/api.w.org\/{rel}","templated":true}]}}